{"id":7502,"date":"2019-06-25T12:08:21","date_gmt":"2019-06-25T10:08:21","guid":{"rendered":"https:\/\/szslucnalc.sk\/?p=7502"},"modified":"2019-08-21T13:39:34","modified_gmt":"2019-08-21T11:39:34","slug":"ako-v-rajhrade-vsetko-podla-planu","status":"publish","type":"post","link":"https:\/\/szslucnalc.sk\/?p=7502","title":{"rendered":"Ako v Rajhrade?  V\u0161etko pod\u013ea pl\u00e1nu!"},"content":{"rendered":"\n<p><em>V\u010faka\njedine\u010dnej pr\u00edle\u017eitosti od 16. j\u00fana do 21. j\u00fana 2019 sme absolvovali odborn\u00fa\nst\u00e1\u017e v&nbsp;Dome lie\u010dby bolesti s&nbsp;hospicom sv. Jozefa v Rajhrade pri Brne\nv&nbsp;\u010ceskej republike. <\/em><\/p>\n\n\n\n<p>Na\u0161\u00edm cie\u013eom bolo nadobudn\u00fa\u0165 nov\u00e9\nzru\u010dnosti a&nbsp;sk\u00fasenosti pri poskytovan\u00ed&nbsp;\nkomplexnej o\u0161etrovate\u013eskej starostlivosti termin\u00e1lne chor\u00fdm. Dostali sme\njedine\u010dn\u00fa pr\u00edle\u017eitos\u0165, \u0161ancu nau\u010di\u0165 sa nie\u010do nov\u00e9 a&nbsp;pok\u00fasi\u0165 sa\n&nbsp;aplikova\u0165 na\u0161e praktick\u00e9 zru\u010dnosti, ktor\u00e9 padli na \u00farodn\u00fa p\u00f4du. Najmodernej\u0161ie\npom\u00f4cky, pokoj, ticho, profesionalita, l\u00e1skavos\u0165 a zachov\u00e1vanie \u013eudskej d\u00f4stojnosti.\nUmo\u017enenie n\u00e1v\u0161tev aj v&nbsp;no\u010dn\u00fa hodinu alebo pr\u00edtomnos\u0165 &nbsp;rodinn\u00e9ho pr\u00edslu\u0161n\u00edka priamo na izbe chor\u00e9ho\naj v noci. Tak\u00fato starostlivos\u0165 by mohol z\u00e1vidie\u0165 nejeden pacient, meni\u0165 by\ns&nbsp;nimi nechcel v\u0161ak nikto. My sme sa ve\u013emi r\u00fdchlo z\u017eili s&nbsp;organiz\u00e1ciou\npr\u00e1ce na pracovisku a&nbsp;o\u0161etrovate\u013esk\u00fdm t\u00edmom. V&nbsp;zariaden\u00ed sme\nposkytovali o\u0161etrovate\u013esk\u00fa starostlivos\u0165 nie len &nbsp;umieraj\u00facim, ale aj klientom\nv&nbsp;bdelej k\u00f3me \u2013 coma vigile, ktor\u00fdch smutn\u00fd pr\u00edbeh n\u00e1s chytil za srdce. Ka\u017ed\u00fd\nz&nbsp;n\u00e1s mal mo\u017enos\u0165 pracova\u0165&nbsp;\nindividu\u00e1lne s&nbsp;vynikaj\u00facim profesion\u00e1lnym t\u00edmom, ktor\u00fd si od\nza\u010diatku z\u00edskal na\u0161e srdcia. Boli \u0161\u0165astn\u00ed, \u017ee im pri\u0161la posila, p\u00e1r \u0161ikovn\u00fdch\nr\u00fak. Pri svojej pr\u00e1ci sme vyu\u017e\u00edvali aj techniky baz\u00e1lnej stimul\u00e1cie. Jednoducho\nsme robili na sto percent s&nbsp;vysok\u00fdm nasaden\u00edm, aby sa klienti aj napriek posledn\u00fdm\nchv\u00ed\u013eam c\u00edtili pr\u00edjemne. Hoci pr\u00e1ca v&nbsp;hospici bola n\u00e1ro\u010dn\u00e1 nielen fyzicky,\nale aj psychicky, ni\u010d ne\u013eutujeme, cel\u00e9 to bolo \u00faprimn\u00e9 a&nbsp;z&nbsp;l\u00e1sky. Absolvovali\nsme aj predn\u00e1\u0161ku, ktor\u00e1 n\u00e1m pomohla pochopi\u0165, ako zvl\u00e1da\u0165 t\u00fa najn\u00e1ro\u010dnej\u0161iu\ntrasu: \u201eumieranie\u201d. Na\u0161ou srdcovou z\u00e1le\u017eitos\u0165ou bola prech\u00e1dzka s&nbsp;chor\u00fdmi,\nke\u010f sme ich mohli vyviez\u0165 von na voz\u00edkoch alebo l\u00f4\u017ekach do are\u00e1lu s\nodpo\u010dinkovou z\u00e1hradou s&nbsp;jazierkom, stromami a&nbsp;pergolami. Aj ke\u010f sme\nboli za hranicami Slovenska, kde sa vzal, tu sa vzal, v&nbsp;stredu pri hospici\nst\u00e1l n\u00e1\u0161 p\u00e1n riadite\u013e. Pri\u0161iel n\u00e1s pozrie\u0165, tak sme sa mu hne\u010f pochv\u00e1lili, ako\nsa n\u00e1m dar\u00ed. Z\u00e1rove\u0148 sa na\u0161a pani prof. Sekulov\u00e1 vymenila s&nbsp;pani prof. Jurigovou.<\/p>\n\n\n\n<p>A&nbsp;\u010do s&nbsp;vo\u013en\u00fdm popoludn\u00edm? To by\nsme neboli my, keby sme ho pr\u00edjemne netr\u00e1vili v historickom centre mesta Brno,\nkde bolo st\u00e1le \u010do objavova\u0165. Povinn\u00e1 zast\u00e1vka v\u017edy bola na dobr\u00e9 jedlo\n,,pizzu\u201d. T\u00fdchto 5 dn\u00ed pre\u0161lo ako voda a&nbsp;ani sme sa nenazdali\na&nbsp;nastal \u010das l\u00fa\u010denia. Nikomu sa nechcelo od\u00eds\u0165. S&nbsp;ve\u013ek\u00fdm sm\u00fatkom sme\nsa balili, \u017ee u\u017e je piatok. N\u00e1m sa v&nbsp;\u010cech\u00e1ch tak zap\u00e1\u010dilo, \u017ee sme\nodch\u00e1dzali domov s&nbsp;omnoho \u0165a\u017e\u0161\u00edmi kuframi, ako sme pri\u0161li, za \u010do m\u00f4\u017eu tie\nna\u0161e shoppingov\u00e9 n\u00e1kupy v&nbsp;Gal\u00e9rii Va\u0148kovke. Ve\u010f mus\u00edme ma\u0165 nov\u00fd outfit na\nkoniec \u0161kolsk\u00e9ho roka J. Prekladanie kufrov z&nbsp;vlaku do vlaku\nn\u00e1m dalo poriadne zabra\u0165, ale st\u00e1le n\u00e1m zost\u00e1vala energia a&nbsp;smiech,\nsmiech&#8230;<\/p>\n\n\n\n<p><em>Odniesli\nsme si domov&nbsp; mnoho fotiek, spomienok,\nz\u00e1\u017eitkov, dar\u010dekov a&nbsp;hlavne sk\u00fasenost\u00ed. Tento t\u00fd\u017ede\u0148 n\u00e1s obohatil, \u010di u\u017e\npo odbornej, ale aj po \u013eudskej str\u00e1nke, \u010do m\u00f4\u017eeme vyu\u017ei\u0165&nbsp; tie\u017e v&nbsp;osobnom \u017eivote. \u010eakujeme ve\u013emi\npekne cel\u00e9mu person\u00e1lu v&nbsp;hospici, vedeniu na\u0161ej \u0161koly za to,&nbsp; \u017ee n\u00e1m bolo umo\u017enen\u00e9 nie\u010do tak\u00e9\na&nbsp;otvorili sme si br\u00e1nu do zahrani\u010dia. <\/em>&nbsp; <\/p>\n\n\n\n<p>St\u00e1\u017eisti z&nbsp;III. A \u2013 III.B<\/p>\n\n\n\n<figure class=\"wp-block-image\"><img loading=\"lazy\" decoding=\"async\" width=\"1024\" height=\"683\" src=\"https:\/\/szslucnalc.sk\/wp-content\/uploads\/2019\/06\/20190619_112810-1024x683.jpg\" alt=\"\" class=\"wp-image-7559\" srcset=\"https:\/\/szslucnalc.sk\/wp-content\/uploads\/2019\/06\/20190619_112810-1024x683.jpg 1024w, https:\/\/szslucnalc.sk\/wp-content\/uploads\/2019\/06\/20190619_112810-300x200.jpg 300w, https:\/\/szslucnalc.sk\/wp-content\/uploads\/2019\/06\/20190619_112810-768x512.jpg 768w, https:\/\/szslucnalc.sk\/wp-content\/uploads\/2019\/06\/20190619_112810-219x146.jpg 219w, https:\/\/szslucnalc.sk\/wp-content\/uploads\/2019\/06\/20190619_112810-50x33.jpg 50w, https:\/\/szslucnalc.sk\/wp-content\/uploads\/2019\/06\/20190619_112810-112x75.jpg 112w, https:\/\/szslucnalc.sk\/wp-content\/uploads\/2019\/06\/20190619_112810-960x640.jpg 960w, https:\/\/szslucnalc.sk\/wp-content\/uploads\/2019\/06\/20190619_112810-720x480.jpg 720w\" sizes=\"auto, (max-width:767px) 480px, (max-width:1024px) 100vw, 1024px\" \/><\/figure>\n","protected":false},"excerpt":{"rendered":"<p>V&#271;aka jedine&#269;nej pr&iacute;le&#382;itosti od 16. j&uacute;na do 21. j&uacute;na 2019 sme absolvovali odborn&uacute; st&aacute;&#382; v&nbsp;Dome lie&#269;by bolesti s&nbsp;hospicom sv. Jozefa v Rajhrade pri Brne v&nbsp;&#268;eskej republike.<span class=\"excerpt-hellip\"> [\u2026]<\/span><\/p>\n","protected":false},"author":2,"featured_media":7503,"comment_status":"closed","ping_status":"closed","sticky":false,"template":"","format":"standard","meta":{"footnotes":""},"categories":[7,5],"tags":[],"class_list":["post-7502","post","type-post","status-publish","format-standard","has-post-thumbnail","hentry","category-profesia","category-zahranicne"],"aioseo_notices":[],"_links":{"self":[{"href":"https:\/\/szslucnalc.sk\/index.php?rest_route=\/wp\/v2\/posts\/7502","targetHints":{"allow":["GET"]}}],"collection":[{"href":"https:\/\/szslucnalc.sk\/index.php?rest_route=\/wp\/v2\/posts"}],"about":[{"href":"https:\/\/szslucnalc.sk\/index.php?rest_route=\/wp\/v2\/types\/post"}],"author":[{"embeddable":true,"href":"https:\/\/szslucnalc.sk\/index.php?rest_route=\/wp\/v2\/users\/2"}],"replies":[{"embeddable":true,"href":"https:\/\/szslucnalc.sk\/index.php?rest_route=%2Fwp%2Fv2%2Fcomments&post=7502"}],"version-history":[{"count":2,"href":"https:\/\/szslucnalc.sk\/index.php?rest_route=\/wp\/v2\/posts\/7502\/revisions"}],"predecessor-version":[{"id":7561,"href":"https:\/\/szslucnalc.sk\/index.php?rest_route=\/wp\/v2\/posts\/7502\/revisions\/7561"}],"wp:featuredmedia":[{"embeddable":true,"href":"https:\/\/szslucnalc.sk\/index.php?rest_route=\/wp\/v2\/media\/7503"}],"wp:attachment":[{"href":"https:\/\/szslucnalc.sk\/index.php?rest_route=%2Fwp%2Fv2%2Fmedia&parent=7502"}],"wp:term":[{"taxonomy":"category","embeddable":true,"href":"https:\/\/szslucnalc.sk\/index.php?rest_route=%2Fwp%2Fv2%2Fcategories&post=7502"},{"taxonomy":"post_tag","embeddable":true,"href":"https:\/\/szslucnalc.sk\/index.php?rest_route=%2Fwp%2Fv2%2Ftags&post=7502"}],"curies":[{"name":"wp","href":"https:\/\/api.w.org\/{rel}","templated":true}]}}