{"id":7512,"date":"2019-06-26T21:05:00","date_gmt":"2019-06-26T19:05:00","guid":{"rendered":"https:\/\/szslucnalc.sk\/?p=7512"},"modified":"2019-06-27T20:42:03","modified_gmt":"2019-06-27T18:42:03","slug":"za-dva-dni-pracovny-tabor-vodny-zivel-spanok","status":"publish","type":"post","link":"https:\/\/szslucnalc.sk\/?p=7512","title":{"rendered":"Za dva dni: pracovn\u00fd t\u00e1bor &#8211; vodn\u00fd \u017eivel &#8211; nebezpe\u010dn\u00fd sp\u00e1nok"},"content":{"rendered":"\n<p>Tradi\u010dn\u00fd prv\u00e1cky v\u00fdlet v z\u00e1vere \u0161kolsk\u00e9ho roka sme zah\u00e1jili v utorok 25 . j\u00fana s pln\u00fdmi batohmi pred \u017eelezni\u010dnou stanicou. Nast\u00fapili sme do autobusu na dlh\u00fa cestu do  Serede. Spr\u00edjemnili sme si ju spevom. Na\u0161ou prvou zast\u00e1vkou bol pracovn\u00fd t\u00e1bor z obdobia druhej svetovej vojny. Nav\u0161t\u00edvili sme m\u00fazeum, videli sme mno\u017estvo predmetov z obdobia holokaustu. U\u017e m\u00e1me predstavu, ak\u00e9 krutosti sa vtedy sp\u00f4sobovali \u013eu\u010fom pre ich pr\u00edslu\u0161nos\u0165 k n\u00e1rodu \u010di etnickej men\u0161ine. Z t\u00e1bora boli hromadne deportovan\u00ed vlakmi ,,za pr\u00e1cou&#8220;. Pravdou  v\u0161ak je, \u017ee v\u00e4\u010d\u0161ina \u013eud\u00ed bola deportovan\u00e1 na smr\u0165. Nedok\u00e1\u017eeme si to predstavi\u0165, \u017ee deti pod 16 rokov boli rovno odv\u00e1dzan\u00e9 do plynov\u00fdch kom\u00f4r. Takisto aj t\u00ed, ktor\u00ed neboli schopn\u00ed pr\u00e1ce. U\u017e samotn\u00e1 predstava je hr\u00f4zostra\u0161n\u00e1. Najviac n\u00e1s v\u0161ak zaujal deporta\u010dn\u00fd vag\u00f3n, ktor\u00fd sme si mohli pozrie\u0165 aj z vn\u00fatra. N\u00e1\u0161 sprievodca n\u00e1m porozpr\u00e1val  pr\u00edbehy obet\u00ed holokaustu. Rozl\u00fa\u010dili sme  sa s t\u00fdmto pietnym miestom  a pokra\u010dovali sme v cestovan\u00ed. Zaparkovali sme n\u00e1\u0161 autobus pred aquaparkom v Senci. Obliekli sme sa do plaviek a u\u017eili sme si 3 hodiny pln\u00e9 z\u00e1bavy, vody a tobog\u00e1nov. Ubytovali sme sa v turistickej ubytovni na okraji Nitry. Prenocovali sme a na druh\u00fd de\u0148 sme sa vybrali na exkurziu. Nav\u0161t\u00edvili sme  \u0161pecializovan\u00fa nemocnicu sv. Svorada Nitra &#8211; Zobor. Zaujalo n\u00e1s sp\u00e1nkov\u00e9 laborat\u00f3rium. V tomto laborat\u00f3riu vy\u0161etruj\u00fa pacientov, ktor\u00ed maj\u00fa probl\u00e9my s d\u00fdchan\u00edm po\u010das sp\u00e1nku. Prest\u00e1vky v d\u00fdchan\u00ed, ktor\u00e9 trvaj\u00fa najmenej 10 s a opakuj\u00fa sa viac ako 5x za 1h sp\u00e1nku &#8211; sp\u00f4sobuje syndr\u00f3m sp\u00e1nkov\u00e9ho apnoe. Pacienti s t\u00fdmto syndr\u00f3mom s\u00fa aj po sp\u00e1nku unaven\u00ed. V sp\u00e1nkovom laborat\u00f3riu vy\u0161etria \u0161tyroch pacientov za jeden t\u00fd\u017ede\u0148. Okrem sp\u00e1nkov\u00e9ho laborat\u00f3ria sme si prezreli aj ostatn\u00e9 priestory nemocnice. Na z\u00e1ver sme sa pofotili pred zr\u00facaninou kl\u00e1\u0161tora z \u010dias  Ve\u013ekomoravskej r\u00ed\u0161e, ktor\u00fd stoj\u00ed  hne\u010f ved\u013ea nemocnice. Po exkurzii sme nask\u00e1kali do autobusu a dali zbohom Nitre. <br> (Janka Sihelsk\u00e1, Patr\u00edcia Kozl\u00edkov\u00e1, Laura Ol\u00e1hov\u00e1 &#8211; Ma\u0161kov\u00e1)<\/p>\n","protected":false},"excerpt":{"rendered":"<p>Tradi&#269;n&yacute; prv&aacute;cky v&yacute;let v z&aacute;vere &scaron;kolsk&eacute;ho roka sme zah&aacute;jili v utorok 25 . j&uacute;na s pln&yacute;mi batohmi pred &#382;elezni&#269;nou stanicou. Nast&uacute;pili sme do autobusu na dlh&uacute;<span class=\"excerpt-hellip\"> [\u2026]<\/span><\/p>\n","protected":false},"author":2,"featured_media":7513,"comment_status":"closed","ping_status":"closed","sticky":false,"template":"","format":"standard","meta":{"footnotes":""},"categories":[8],"tags":[],"class_list":["post-7512","post","type-post","status-publish","format-standard","has-post-thumbnail","hentry","category-ine"],"aioseo_notices":[],"_links":{"self":[{"href":"https:\/\/szslucnalc.sk\/index.php?rest_route=\/wp\/v2\/posts\/7512","targetHints":{"allow":["GET"]}}],"collection":[{"href":"https:\/\/szslucnalc.sk\/index.php?rest_route=\/wp\/v2\/posts"}],"about":[{"href":"https:\/\/szslucnalc.sk\/index.php?rest_route=\/wp\/v2\/types\/post"}],"author":[{"embeddable":true,"href":"https:\/\/szslucnalc.sk\/index.php?rest_route=\/wp\/v2\/users\/2"}],"replies":[{"embeddable":true,"href":"https:\/\/szslucnalc.sk\/index.php?rest_route=%2Fwp%2Fv2%2Fcomments&post=7512"}],"version-history":[{"count":4,"href":"https:\/\/szslucnalc.sk\/index.php?rest_route=\/wp\/v2\/posts\/7512\/revisions"}],"predecessor-version":[{"id":7563,"href":"https:\/\/szslucnalc.sk\/index.php?rest_route=\/wp\/v2\/posts\/7512\/revisions\/7563"}],"wp:featuredmedia":[{"embeddable":true,"href":"https:\/\/szslucnalc.sk\/index.php?rest_route=\/wp\/v2\/media\/7513"}],"wp:attachment":[{"href":"https:\/\/szslucnalc.sk\/index.php?rest_route=%2Fwp%2Fv2%2Fmedia&parent=7512"}],"wp:term":[{"taxonomy":"category","embeddable":true,"href":"https:\/\/szslucnalc.sk\/index.php?rest_route=%2Fwp%2Fv2%2Fcategories&post=7512"},{"taxonomy":"post_tag","embeddable":true,"href":"https:\/\/szslucnalc.sk\/index.php?rest_route=%2Fwp%2Fv2%2Ftags&post=7512"}],"curies":[{"name":"wp","href":"https:\/\/api.w.org\/{rel}","templated":true}]}}