{"id":7838,"date":"2019-09-21T20:39:08","date_gmt":"2019-09-21T18:39:08","guid":{"rendered":"https:\/\/szslucnalc.sk\/?p=7838"},"modified":"2019-09-30T07:12:52","modified_gmt":"2019-09-30T05:12:52","slug":"farebna-pastelka","status":"publish","type":"post","link":"https:\/\/szslucnalc.sk\/?p=7838","title":{"rendered":"Biela pastelka"},"content":{"rendered":"\n<p>U\u017e 18- kr\u00e1t\nprebieha na Slovensku verejn\u00e1 zbierka ,,<em>Biela\npastelka<\/em>\u201c na pomoc nevidiacim a slabozrak\u00fdm. Aj tento rok sme sa aj my\n\u017eiaci 3. ro\u010dn\u00edka SZ\u0160 mohli sta\u0165 jej s\u00fa\u010das\u0165ou. Je to pre n\u00e1s ve\u013ek\u00e1 pocta, ke\u010f\u017ee\nsme e\u0161te tak\u00fato zbierku nikdy neza\u017eili. R\u00e1no n\u00e1s pracovn\u00ed\u010dky z&nbsp;\u00danie\nnevidiacich a&nbsp;slabozrak\u00fdch obliekli do bielych tri\u010diek s&nbsp;logom <em>Biela pastelka<\/em> a&nbsp;vyrazili sme do\nul\u00edc Lu\u010denca. U\u017e po nieko\u013ek\u00fdch hodin\u00e1ch sme odovzdali ve\u013ek\u00e9 mno\u017estvo pasteliek\ndobr\u00fdm \u013eu\u010fom. O&nbsp;13:00 n\u00e1s vystriedali v&nbsp;uliciach na\u0161i spolu\u017eiaci\na&nbsp;pevne ver\u00edme, \u017ee t\u00e1to zbierka bude ma\u0165 aj tento rok ve\u013ek\u00fd \u00faspech\na&nbsp;poputuje k&nbsp;t\u00fdm, pre ktor\u00fdch&nbsp;\nje ur\u010den\u00e1. &nbsp;Prajeme si, aby\nvyzbieran\u00e9 peniaze pomohli \u013eu\u010fom s&nbsp;poruchou zraku vr\u00e1ti\u0165 sa do\nplnohodnotn\u00e9ho \u017eivota.<\/p>\n\n\n\n<p>III.A, III.B<\/p>\n","protected":false},"excerpt":{"rendered":"<p>U&#382; 18- kr&aacute;t prebieha na Slovensku verejn&aacute; zbierka ,,Biela pastelka&ldquo; na pomoc nevidiacim a slabozrak&yacute;m. Aj tento rok sme sa aj my &#382;iaci 3. ro&#269;n&iacute;ka SZ&Scaron;<span class=\"excerpt-hellip\"> [\u2026]<\/span><\/p>\n","protected":false},"author":2,"featured_media":7839,"comment_status":"closed","ping_status":"closed","sticky":false,"template":"","format":"standard","meta":{"footnotes":""},"categories":[6],"tags":[],"class_list":["post-7838","post","type-post","status-publish","format-standard","has-post-thumbnail","hentry","category-charita"],"aioseo_notices":[],"_links":{"self":[{"href":"https:\/\/szslucnalc.sk\/index.php?rest_route=\/wp\/v2\/posts\/7838","targetHints":{"allow":["GET"]}}],"collection":[{"href":"https:\/\/szslucnalc.sk\/index.php?rest_route=\/wp\/v2\/posts"}],"about":[{"href":"https:\/\/szslucnalc.sk\/index.php?rest_route=\/wp\/v2\/types\/post"}],"author":[{"embeddable":true,"href":"https:\/\/szslucnalc.sk\/index.php?rest_route=\/wp\/v2\/users\/2"}],"replies":[{"embeddable":true,"href":"https:\/\/szslucnalc.sk\/index.php?rest_route=%2Fwp%2Fv2%2Fcomments&post=7838"}],"version-history":[{"count":3,"href":"https:\/\/szslucnalc.sk\/index.php?rest_route=\/wp\/v2\/posts\/7838\/revisions"}],"predecessor-version":[{"id":7931,"href":"https:\/\/szslucnalc.sk\/index.php?rest_route=\/wp\/v2\/posts\/7838\/revisions\/7931"}],"wp:featuredmedia":[{"embeddable":true,"href":"https:\/\/szslucnalc.sk\/index.php?rest_route=\/wp\/v2\/media\/7839"}],"wp:attachment":[{"href":"https:\/\/szslucnalc.sk\/index.php?rest_route=%2Fwp%2Fv2%2Fmedia&parent=7838"}],"wp:term":[{"taxonomy":"category","embeddable":true,"href":"https:\/\/szslucnalc.sk\/index.php?rest_route=%2Fwp%2Fv2%2Fcategories&post=7838"},{"taxonomy":"post_tag","embeddable":true,"href":"https:\/\/szslucnalc.sk\/index.php?rest_route=%2Fwp%2Fv2%2Ftags&post=7838"}],"curies":[{"name":"wp","href":"https:\/\/api.w.org\/{rel}","templated":true}]}}