{"id":7932,"date":"2019-09-30T09:45:55","date_gmt":"2019-09-30T07:45:55","guid":{"rendered":"https:\/\/szslucnalc.sk\/?p=7932"},"modified":"2019-09-30T09:53:01","modified_gmt":"2019-09-30T07:53:01","slug":"jazdit-ako-sagan","status":"publish","type":"post","link":"https:\/\/szslucnalc.sk\/?p=7932","title":{"rendered":"Jazdi\u0165 ako Sagan"},"content":{"rendered":"\n<p>Propaga\u010dnou jazdou na bicykloch mestom Lu\u010denec 27. 9.\n2019, pri pr\u00edle\u017eitosti t\u00fd\u017ed\u0148a mobility, sme si pripomenuli d\u00f4le\u017eitos\u0165 pohybu\npre \u010dloveka. \u010eal\u0161\u00edm na\u0161\u00edm cie\u013eom bolo motivova\u0165 jednotlivcov k&nbsp;vo\u013ebe\nalternat\u00edvnej dopravy k&nbsp;automobilovej a&nbsp;tak zn\u00ed\u017ei\u0165 emisie uhl\u00edka\na&nbsp;zlep\u0161i\u0165 kvalitu ovzdu\u0161ia. Pelot\u00f3n tvorili \u017eiaci z\u00e1kladn\u00fdch\na&nbsp;stredn\u00fdch \u0161k\u00f4l. N\u00e1\u0161 t\u00edm nast\u00fapil v&nbsp;zlo\u017een\u00ed: \u017eiaci: Boris Kov\u00e1\u010d I.\nB, Rudolf Ol\u00e1h II. A, Laura Ol\u00e1hov\u00e1 II. A, Janka\nSihelsk\u00e1 II. A, Ivan Urban\u010dok\nII. A, Adrian Ostriho\u0148 II. B, Martin Gordo\u0161 III. A, Nina Ku\u0161p\u00e1lov\u00e1 III. A, Eva\nOstriho\u0148ov\u00e1 III. A, Ter\u00e9zia Kajtorov\u00e1 III. B, Bernadett-Vikt\u00f3ria Tam\u00e1\u0161ov\u00e1 III.\nB, Ren\u00e9 Tur\u010d\u00e1ni III. B, Lenka Martinsk\u00e1 IV. B, Anna Obrcianov\u00e1 IV. B, Emma\nSekulov\u00e1 IV. B, Sofia Sz\u00e9le\u0161ov\u00e1 IV. B, So\u0148a \u0160andr\u00edkov\u00e1 IV. B, Samuel Pauer IV.\nB, Martin Smerek IV. B, Karol\u00edna Jakubov\u00e1 IV. A, Michaela Sl\u00e1vikov\u00e1 IV. A,\nDominika Kasalov\u00e1 IV. A, u\u010ditelia: Mgr. Da\u0161a Mur\u00ednov\u00e1, Mgr. Marian Skrutek.<\/p>\n","protected":false},"excerpt":{"rendered":"<p>Propaga&#269;nou jazdou na bicykloch mestom Lu&#269;enec 27. 9. 2019, pri pr&iacute;le&#382;itosti t&yacute;&#382;d&#328;a mobility, sme si pripomenuli d&ocirc;le&#382;itos&#357; pohybu pre &#269;loveka. &#270;al&scaron;&iacute;m na&scaron;&iacute;m cie&#318;om bolo motivova&#357; jednotlivcov<span class=\"excerpt-hellip\"> [\u2026]<\/span><\/p>\n","protected":false},"author":2,"featured_media":7933,"comment_status":"closed","ping_status":"closed","sticky":false,"template":"","format":"standard","meta":{"footnotes":""},"categories":[4],"tags":[],"class_list":["post-7932","post","type-post","status-publish","format-standard","has-post-thumbnail","hentry","category-sport"],"aioseo_notices":[],"_links":{"self":[{"href":"https:\/\/szslucnalc.sk\/index.php?rest_route=\/wp\/v2\/posts\/7932","targetHints":{"allow":["GET"]}}],"collection":[{"href":"https:\/\/szslucnalc.sk\/index.php?rest_route=\/wp\/v2\/posts"}],"about":[{"href":"https:\/\/szslucnalc.sk\/index.php?rest_route=\/wp\/v2\/types\/post"}],"author":[{"embeddable":true,"href":"https:\/\/szslucnalc.sk\/index.php?rest_route=\/wp\/v2\/users\/2"}],"replies":[{"embeddable":true,"href":"https:\/\/szslucnalc.sk\/index.php?rest_route=%2Fwp%2Fv2%2Fcomments&post=7932"}],"version-history":[{"count":1,"href":"https:\/\/szslucnalc.sk\/index.php?rest_route=\/wp\/v2\/posts\/7932\/revisions"}],"predecessor-version":[{"id":7935,"href":"https:\/\/szslucnalc.sk\/index.php?rest_route=\/wp\/v2\/posts\/7932\/revisions\/7935"}],"wp:featuredmedia":[{"embeddable":true,"href":"https:\/\/szslucnalc.sk\/index.php?rest_route=\/wp\/v2\/media\/7933"}],"wp:attachment":[{"href":"https:\/\/szslucnalc.sk\/index.php?rest_route=%2Fwp%2Fv2%2Fmedia&parent=7932"}],"wp:term":[{"taxonomy":"category","embeddable":true,"href":"https:\/\/szslucnalc.sk\/index.php?rest_route=%2Fwp%2Fv2%2Fcategories&post=7932"},{"taxonomy":"post_tag","embeddable":true,"href":"https:\/\/szslucnalc.sk\/index.php?rest_route=%2Fwp%2Fv2%2Ftags&post=7932"}],"curies":[{"name":"wp","href":"https:\/\/api.w.org\/{rel}","templated":true}]}}