{"id":8017,"date":"2019-10-11T14:26:40","date_gmt":"2019-10-11T12:26:40","guid":{"rendered":"https:\/\/szslucnalc.sk\/?p=8017"},"modified":"2019-10-14T08:20:06","modified_gmt":"2019-10-14T06:20:06","slug":"zeleny-erasmus","status":"publish","type":"post","link":"https:\/\/szslucnalc.sk\/?p=8017","title":{"rendered":"Zelen\u00fd Erasmus (foto + video)"},"content":{"rendered":"\n<p><strong>Dnes sme aspo\u0148 tro\u0161ku podporili na\u0161u plan\u00e9tu Zem. 11. okt\u00f3bra sme v r\u00e1mci akcie Zelen\u00fd Erasmus skr\u00e1\u0161lili okolie na\u0161ej \u0161koly &#8211; \u0161tudenti prv\u00e9ho a&nbsp;druh\u00e9ho ro\u010dn\u00edka hrabali l\u00edstie, zbierali odpadky a&nbsp;taktie\u017e sa zapojili do zberu papiera. V\u0161etko prebehlo v kr\u00e1snom jesennom po\u010das\u00ed na \u010derstvom vzduchu a vo v\u00fdbornej n\u00e1lade. Ver\u00edme \u017ee &#8222;\u010derven\u00e9 a zelen\u00e9  erasmusdni&#8220; sa stan\u00fa trad\u00edciou na\u0161ej \u0161koly aj do bud\u00facna&#8230;<\/strong><\/p>\n\n\n\n<p><strong>Miroslava Sekulov\u00e1, projektov\u00fd\nkoordin\u00e1tor SZ\u0160 Lu\u010denec <\/strong><\/p>\n","protected":false},"excerpt":{"rendered":"<p>Dnes sme aspo&#328; tro&scaron;ku podporili na&scaron;u plan&eacute;tu Zem. 11. okt&oacute;bra sme v r&aacute;mci akcie Zelen&yacute; Erasmus skr&aacute;&scaron;lili okolie na&scaron;ej &scaron;koly &ndash; &scaron;tudenti prv&eacute;ho a&nbsp;druh&eacute;ho ro&#269;n&iacute;ka hrabali<span class=\"excerpt-hellip\"> [\u2026]<\/span><\/p>\n","protected":false},"author":2,"featured_media":8091,"comment_status":"closed","ping_status":"closed","sticky":false,"template":"","format":"standard","meta":{"footnotes":""},"categories":[8],"tags":[],"class_list":["post-8017","post","type-post","status-publish","format-standard","has-post-thumbnail","hentry","category-ine"],"aioseo_notices":[],"_links":{"self":[{"href":"https:\/\/szslucnalc.sk\/index.php?rest_route=\/wp\/v2\/posts\/8017","targetHints":{"allow":["GET"]}}],"collection":[{"href":"https:\/\/szslucnalc.sk\/index.php?rest_route=\/wp\/v2\/posts"}],"about":[{"href":"https:\/\/szslucnalc.sk\/index.php?rest_route=\/wp\/v2\/types\/post"}],"author":[{"embeddable":true,"href":"https:\/\/szslucnalc.sk\/index.php?rest_route=\/wp\/v2\/users\/2"}],"replies":[{"embeddable":true,"href":"https:\/\/szslucnalc.sk\/index.php?rest_route=%2Fwp%2Fv2%2Fcomments&post=8017"}],"version-history":[{"count":2,"href":"https:\/\/szslucnalc.sk\/index.php?rest_route=\/wp\/v2\/posts\/8017\/revisions"}],"predecessor-version":[{"id":8088,"href":"https:\/\/szslucnalc.sk\/index.php?rest_route=\/wp\/v2\/posts\/8017\/revisions\/8088"}],"wp:featuredmedia":[{"embeddable":true,"href":"https:\/\/szslucnalc.sk\/index.php?rest_route=\/wp\/v2\/media\/8091"}],"wp:attachment":[{"href":"https:\/\/szslucnalc.sk\/index.php?rest_route=%2Fwp%2Fv2%2Fmedia&parent=8017"}],"wp:term":[{"taxonomy":"category","embeddable":true,"href":"https:\/\/szslucnalc.sk\/index.php?rest_route=%2Fwp%2Fv2%2Fcategories&post=8017"},{"taxonomy":"post_tag","embeddable":true,"href":"https:\/\/szslucnalc.sk\/index.php?rest_route=%2Fwp%2Fv2%2Ftags&post=8017"}],"curies":[{"name":"wp","href":"https:\/\/api.w.org\/{rel}","templated":true}]}}