{"id":8603,"date":"2019-11-18T07:22:23","date_gmt":"2019-11-18T06:22:23","guid":{"rendered":"https:\/\/szslucnalc.sk\/?p=8603"},"modified":"2019-11-18T10:16:36","modified_gmt":"2019-11-18T09:16:36","slug":"30-rokov-demokracie","status":"publish","type":"post","link":"https:\/\/szslucnalc.sk\/?p=8603","title":{"rendered":"30 rokov demokracie"},"content":{"rendered":"\n<p><strong><em>&nbsp;\u201eDemokracia je krehk\u00fd re\u017eim, ale ve\u013emi\nn\u00e1ro\u010dn\u00fd.\u201c<\/em><\/strong><\/p>\n\n\n\n<p><em>Hist\u00f3ria alebo e\u0161te ne\u010falek\u00e1 minulos\u0165\n? Pre n\u00e1s naroden\u00fdch po roku 2000 ur\u010dite hist\u00f3ria. Doba n\u00e1m cudzia, vzdialen\u00e1,\nni\u010d nehovoriaca&#8230;No ur\u010dite doba, ktor\u00e1 zmenila skoro v\u0161etko. A&nbsp;v\u010faka\nNovembru 1989 sme sa my narodili v&nbsp;SLOBODNOM svete.<\/em><\/p>\n\n\n\n<p>30. v\u00fdro\u010die\nNe\u017enej revol\u00facie sme si pripomenuli na na\u0161ej \u0161kole v\u010faka besede\ns&nbsp;historikom Patrikom Dubovsk\u00fdm z&nbsp;\u00dastavu pam\u00e4ti n\u00e1roda v&nbsp;piatok\n15. novembra. U\u017e r\u00e1no n\u00e1s vo vestibule v\u00edtala videoprojekcia a&nbsp;n\u00e1stenka\nk&nbsp;Novembru 89. P\u00e1n Dubovsk\u00fd n\u00e1m profesion\u00e1lne, so z\u00e1palom a&nbsp;trpezlivo\nop\u00edsal udalosti pred, po\u010das a&nbsp;po Novembri 89 v&nbsp;na\u0161om \u0161t\u00e1te. Po\ninform\u00e1ciami nabitej predn\u00e1\u0161ke sme besedovali a&nbsp;spomienku na rozhoduj\u00faci\nmedzn\u00edk v&nbsp;na\u0161ej novodobej hist\u00f3rii sme ukon\u010dili dokument\u00e1rnym filmom.\n\u00da\u010dastn\u00edkmi podujatia boli aj na\u0161i profesori : M. P\u00e1paiov\u00e1, L.Nagy, A.\nB\u00e1lintov\u00e1, I. J\u00e1no\u0161\u00edkov\u00e1- Mat\u00fa\u0161kov\u00e1 a&nbsp;organiz\u00e1torkou akcie bola pani\nprofesorka E. Czakov\u00e1. \u010eakujeme&#8230;<\/p>\n\n\n\n<p><em>\u201e Toto netreba nikdy zabudn\u00fa\u0165.\u201c&nbsp; &nbsp;<\/em><\/p>\n\n\n\n<p>Prv\u00e1ci\na&nbsp;ich triedne u\u010dite\u013eky<\/p>\n","protected":false},"excerpt":{"rendered":"<p>&nbsp;&bdquo;Demokracia je krehk&yacute; re&#382;im, ale ve&#318;mi n&aacute;ro&#269;n&yacute;.&ldquo; Hist&oacute;ria alebo e&scaron;te ne&#271;alek&aacute; minulos&#357; ? Pre n&aacute;s naroden&yacute;ch po roku 2000 ur&#269;ite hist&oacute;ria. Doba n&aacute;m cudzia, vzdialen&aacute;, ni&#269;<span class=\"excerpt-hellip\"> [\u2026]<\/span><\/p>\n","protected":false},"author":2,"featured_media":8599,"comment_status":"closed","ping_status":"closed","sticky":false,"template":"","format":"standard","meta":{"footnotes":""},"categories":[8],"tags":[],"class_list":["post-8603","post","type-post","status-publish","format-standard","has-post-thumbnail","hentry","category-ine"],"aioseo_notices":[],"_links":{"self":[{"href":"https:\/\/szslucnalc.sk\/index.php?rest_route=\/wp\/v2\/posts\/8603","targetHints":{"allow":["GET"]}}],"collection":[{"href":"https:\/\/szslucnalc.sk\/index.php?rest_route=\/wp\/v2\/posts"}],"about":[{"href":"https:\/\/szslucnalc.sk\/index.php?rest_route=\/wp\/v2\/types\/post"}],"author":[{"embeddable":true,"href":"https:\/\/szslucnalc.sk\/index.php?rest_route=\/wp\/v2\/users\/2"}],"replies":[{"embeddable":true,"href":"https:\/\/szslucnalc.sk\/index.php?rest_route=%2Fwp%2Fv2%2Fcomments&post=8603"}],"version-history":[{"count":1,"href":"https:\/\/szslucnalc.sk\/index.php?rest_route=\/wp\/v2\/posts\/8603\/revisions"}],"predecessor-version":[{"id":8604,"href":"https:\/\/szslucnalc.sk\/index.php?rest_route=\/wp\/v2\/posts\/8603\/revisions\/8604"}],"wp:featuredmedia":[{"embeddable":true,"href":"https:\/\/szslucnalc.sk\/index.php?rest_route=\/wp\/v2\/media\/8599"}],"wp:attachment":[{"href":"https:\/\/szslucnalc.sk\/index.php?rest_route=%2Fwp%2Fv2%2Fmedia&parent=8603"}],"wp:term":[{"taxonomy":"category","embeddable":true,"href":"https:\/\/szslucnalc.sk\/index.php?rest_route=%2Fwp%2Fv2%2Fcategories&post=8603"},{"taxonomy":"post_tag","embeddable":true,"href":"https:\/\/szslucnalc.sk\/index.php?rest_route=%2Fwp%2Fv2%2Ftags&post=8603"}],"curies":[{"name":"wp","href":"https:\/\/api.w.org\/{rel}","templated":true}]}}