{"id":8624,"date":"2019-11-20T21:15:04","date_gmt":"2019-11-20T20:15:04","guid":{"rendered":"https:\/\/szslucnalc.sk\/?p=8624"},"modified":"2019-11-21T11:02:10","modified_gmt":"2019-11-21T10:02:10","slug":"nefajciarsky-den","status":"publish","type":"post","link":"https:\/\/szslucnalc.sk\/?p=8624","title":{"rendered":"Nefaj\u010diarsky de\u0148"},"content":{"rendered":"\n<p>Ako ste na\ntom s faj\u010den\u00edm Vy? Na na\u0161ej zdravotke sme dnes ( 20.11.2019 ) bojovali proti\nfaj\u010deniu vlastn\u00fdm sp\u00f4sobom. R\u00e1no ka\u017ed\u00ed faj\u010diar odovzdal svoje cigarety a dostal\nza ne sladk\u00fa odmenu. Cie\u013eom tejto v\u00fdzvy bolo uk\u00e1za\u0165 \u017eiakom a da\u0165 im do\npovedomia, ako ve\u013emi je faj\u010denie \u0161kodliv\u00e9 a \u010do to v\u0161etko sp\u00f4sobuje. Vedeli ste,\n\u017ee nikot\u00edn je \u0161kodlivej\u0161\u00ed ako najv\u00fdkonnej\u0161\u00ed hero\u00edn? <\/p>\n\n\n\n<p>Pre\nniektor\u00fdch to bol \u0165a\u017ek\u00fd celodenn\u00fd boj&#8230; Ale ve\u013ea z n\u00e1s \u0161lo pr\u00edkladom na\u0161im mlad\u0161\u00edm\nspolu\u017eiakom. \u010eakujem v\u0161etk\u00fdm z\u00fa\u010dastnen\u00fdm a&nbsp;tie\u017e p\u00e1novi prim\u00e1rovi MUDr.\nMurga\u0161ovi za nov\u00e9 inform\u00e1cie. \u010cakajte n\u00e1\u0161 De\u0148 bez faj\u010denia aj o rok. \ud83d\ude09&nbsp;&nbsp;&nbsp; <\/p>\n\n\n\n<p>&nbsp;&nbsp;&nbsp;&nbsp;&nbsp;&nbsp;&nbsp;&nbsp;&nbsp;&nbsp;&nbsp;&nbsp;&nbsp;&nbsp;&nbsp;&nbsp;&nbsp;&nbsp;&nbsp;&nbsp;&nbsp;&nbsp;&nbsp;&nbsp;&nbsp;&nbsp;&nbsp;&nbsp;&nbsp;&nbsp;&nbsp;&nbsp;&nbsp;&nbsp;&nbsp;&nbsp;&nbsp;&nbsp;&nbsp;&nbsp;&nbsp;&nbsp;&nbsp;&nbsp;&nbsp;&nbsp;&nbsp;&nbsp;&nbsp;&nbsp;&nbsp;&nbsp;&nbsp;&nbsp;&nbsp;&nbsp;&nbsp;&nbsp;&nbsp;&nbsp;&nbsp;&nbsp;&nbsp;&nbsp;&nbsp;&nbsp;&nbsp;&nbsp;&nbsp;&nbsp;&nbsp;&nbsp;&nbsp;&nbsp;&nbsp;&nbsp;&nbsp;&nbsp;&nbsp;&nbsp;&nbsp;&nbsp;&nbsp;&nbsp;&nbsp;&nbsp;&nbsp;&nbsp;&nbsp;&nbsp;&nbsp;&nbsp;&nbsp;&nbsp;&nbsp;&nbsp;&nbsp;&nbsp;&nbsp;&nbsp;&nbsp;&nbsp;&nbsp;&nbsp;&nbsp; Dominika\nIII.A<\/p>\n","protected":false},"excerpt":{"rendered":"<p>Ako ste na tom s faj&#269;en&iacute;m Vy? Na na&scaron;ej zdravotke sme dnes ( 20.11.2019 ) bojovali proti faj&#269;eniu vlastn&yacute;m sp&ocirc;sobom. R&aacute;no ka&#382;d&iacute; faj&#269;iar odovzdal svoje cigarety<span class=\"excerpt-hellip\"> [\u2026]<\/span><\/p>\n","protected":false},"author":2,"featured_media":8627,"comment_status":"closed","ping_status":"closed","sticky":false,"template":"","format":"standard","meta":{"footnotes":""},"categories":[8],"tags":[],"class_list":["post-8624","post","type-post","status-publish","format-standard","has-post-thumbnail","hentry","category-ine"],"aioseo_notices":[],"_links":{"self":[{"href":"https:\/\/szslucnalc.sk\/index.php?rest_route=\/wp\/v2\/posts\/8624","targetHints":{"allow":["GET"]}}],"collection":[{"href":"https:\/\/szslucnalc.sk\/index.php?rest_route=\/wp\/v2\/posts"}],"about":[{"href":"https:\/\/szslucnalc.sk\/index.php?rest_route=\/wp\/v2\/types\/post"}],"author":[{"embeddable":true,"href":"https:\/\/szslucnalc.sk\/index.php?rest_route=\/wp\/v2\/users\/2"}],"replies":[{"embeddable":true,"href":"https:\/\/szslucnalc.sk\/index.php?rest_route=%2Fwp%2Fv2%2Fcomments&post=8624"}],"version-history":[{"count":2,"href":"https:\/\/szslucnalc.sk\/index.php?rest_route=\/wp\/v2\/posts\/8624\/revisions"}],"predecessor-version":[{"id":9407,"href":"https:\/\/szslucnalc.sk\/index.php?rest_route=\/wp\/v2\/posts\/8624\/revisions\/9407"}],"wp:featuredmedia":[{"embeddable":true,"href":"https:\/\/szslucnalc.sk\/index.php?rest_route=\/wp\/v2\/media\/8627"}],"wp:attachment":[{"href":"https:\/\/szslucnalc.sk\/index.php?rest_route=%2Fwp%2Fv2%2Fmedia&parent=8624"}],"wp:term":[{"taxonomy":"category","embeddable":true,"href":"https:\/\/szslucnalc.sk\/index.php?rest_route=%2Fwp%2Fv2%2Fcategories&post=8624"},{"taxonomy":"post_tag","embeddable":true,"href":"https:\/\/szslucnalc.sk\/index.php?rest_route=%2Fwp%2Fv2%2Ftags&post=8624"}],"curies":[{"name":"wp","href":"https:\/\/api.w.org\/{rel}","templated":true}]}}