{"id":926,"date":"2017-03-22T20:22:59","date_gmt":"2017-03-22T19:22:59","guid":{"rendered":"https:\/\/szslucnalc.sk\/?p=926"},"modified":"2017-04-20T12:11:07","modified_gmt":"2017-04-20T10:11:07","slug":"den-hemofilikov","status":"publish","type":"post","link":"https:\/\/szslucnalc.sk\/?p=926","title":{"rendered":"De\u0148 hemofilikov"},"content":{"rendered":"<p>Vo \u00a0\u0161tvrtok a\u00a0piatok 16. -17. 3. 2017 sme sa my tretiaci v\u00a0spolupr\u00e1ci zo slovensk\u00fdm hemofilick\u00fdm zdru\u017een\u00edm z\u00fa\u010dastnili finan\u010dnej zbierky pre deti trpiace hemof\u00edliou. Pri oslovovan\u00ed \u013eud\u00ed sme nezabudli samozrejme aj spomen\u00fa\u0165 nie\u010do o\u00a0tomto menej zn\u00e1mom ochoren\u00ed. Hemof\u00edlia, in\u00fdm slovom aj krv\u00e1cavos\u0165, je dedi\u010dn\u00e9 ochorenie, ktor\u00e9 sa pren\u00e1\u0161a z\u00a0matky na die\u0165a. Krv hemofilika sa nezr\u00e1\u017ea norm\u00e1lne, preto\u017ee v nej ch\u00fdba zr\u00e1\u017eac\u00ed prote\u00edn. Tak\u00fdto \u010dlovek nekrv\u00e1ca viac, alebo r\u00fdchlej\u0161ie, ale krv\u00e1ca dlho. Ide o\u00a0v\u00fdsledok genetick\u00fdch mut\u00e1ci\u00ed, ktor\u00e9 m\u00f4\u017eu postihn\u00fa\u0165 ktor\u00fako\u013evek rodinu. T\u00fato zbierku podporuje aj b\u00fdval\u00fd slovensk\u00fd reprezentant Michal Handzu\u0161, \u00a0ktor\u00fd ako tvrd\u00ed, si uvedomil v\u00e1\u017enos\u0165 tohto ochorenia na z\u00e1klade stretnutia sa s\u00a0hemofilikmi. Aj v\u010faka t\u00fdmto vyzbieran\u00fdm peniazom sa najm\u00e4 detsk\u00ed hemofilici m\u00f4\u017eu aj tento rok z\u00fa\u010dastni\u0165: Rehabilita\u010dn\u00e9ho t\u00e1bora malolet\u00fdch hemofilikov s rodi\u010dmi a\u00a0letn\u00e9ho rehabilita\u010dn\u00e9ho t\u00e1bora pre deti od 6 do 18 rokov.<\/p>\n<p>&nbsp;<\/p>\n<p>Alexandra \u0160u\u013eajov\u00e1 III.B<\/p>\n","protected":false},"excerpt":{"rendered":"<p>Vo &nbsp;&scaron;tvrtok a&nbsp;piatok 16. -17. 3. 2017 sme sa my tretiaci v&nbsp;spolupr&aacute;ci zo slovensk&yacute;m hemofilick&yacute;m zdru&#382;en&iacute;m z&uacute;&#269;astnili finan&#269;nej zbierky pre deti trpiace hemof&iacute;liou. Pri oslovovan&iacute; &#318;ud&iacute;<span class=\"excerpt-hellip\"> [\u2026]<\/span><\/p>\n","protected":false},"author":2,"featured_media":944,"comment_status":"closed","ping_status":"closed","sticky":false,"template":"","format":"image","meta":{"footnotes":""},"categories":[6],"tags":[],"class_list":["post-926","post","type-post","status-publish","format-image","has-post-thumbnail","hentry","category-charita","post_format-post-format-image"],"aioseo_notices":[],"_links":{"self":[{"href":"https:\/\/szslucnalc.sk\/index.php?rest_route=\/wp\/v2\/posts\/926","targetHints":{"allow":["GET"]}}],"collection":[{"href":"https:\/\/szslucnalc.sk\/index.php?rest_route=\/wp\/v2\/posts"}],"about":[{"href":"https:\/\/szslucnalc.sk\/index.php?rest_route=\/wp\/v2\/types\/post"}],"author":[{"embeddable":true,"href":"https:\/\/szslucnalc.sk\/index.php?rest_route=\/wp\/v2\/users\/2"}],"replies":[{"embeddable":true,"href":"https:\/\/szslucnalc.sk\/index.php?rest_route=%2Fwp%2Fv2%2Fcomments&post=926"}],"version-history":[{"count":3,"href":"https:\/\/szslucnalc.sk\/index.php?rest_route=\/wp\/v2\/posts\/926\/revisions"}],"predecessor-version":[{"id":932,"href":"https:\/\/szslucnalc.sk\/index.php?rest_route=\/wp\/v2\/posts\/926\/revisions\/932"}],"wp:featuredmedia":[{"embeddable":true,"href":"https:\/\/szslucnalc.sk\/index.php?rest_route=\/wp\/v2\/media\/944"}],"wp:attachment":[{"href":"https:\/\/szslucnalc.sk\/index.php?rest_route=%2Fwp%2Fv2%2Fmedia&parent=926"}],"wp:term":[{"taxonomy":"category","embeddable":true,"href":"https:\/\/szslucnalc.sk\/index.php?rest_route=%2Fwp%2Fv2%2Fcategories&post=926"},{"taxonomy":"post_tag","embeddable":true,"href":"https:\/\/szslucnalc.sk\/index.php?rest_route=%2Fwp%2Fv2%2Ftags&post=926"}],"curies":[{"name":"wp","href":"https:\/\/api.w.org\/{rel}","templated":true}]}}