{"id":9419,"date":"2019-12-09T21:14:51","date_gmt":"2019-12-09T20:14:51","guid":{"rendered":"https:\/\/szslucnalc.sk\/?p=9419"},"modified":"2019-12-13T07:56:15","modified_gmt":"2019-12-13T06:56:15","slug":"mikulasska-besiedka-v-zs-rapovce","status":"publish","type":"post","link":"https:\/\/szslucnalc.sk\/?p=9419","title":{"rendered":"Mikul\u00e1\u0161ska besiedka v Z\u0160 Rapovce"},"content":{"rendered":"\n<p>Vesel\u00fa\nMikul\u00e1\u0161sku besiedku za\u017eili \u017eiaci Z\u0160 V&nbsp;Rapovciach aj v\u010faka n\u00e1m. Konala sa\npresne v&nbsp;de\u0148, ke\u010f mal meniny n\u00e1\u0161 Mikul\u00e1\u0161, ktor\u00fd u\u017e &nbsp;nazna\u010duje bl\u00ed\u017eiace sa Vianoce. My \u017eia\u010dky 2. B\ntriedy v zlo\u017een\u00ed: anjel Veronika Bud\u00e1\u010dov\u00e1 a&nbsp;ob\u00e1van\u00e1 \u010dertica Vivien\nKur\u00e1kov\u00e1 sme spolu s&nbsp;Mikul\u00e1\u0161om Jelisejom Pi\u0161kinom zo 4. B, vytvorili\n\u010darovn\u00fa predviano\u010dn\u00fa atmosf\u00e9ru pravej Mikul\u00e1\u0161skej besiedky.&nbsp; Deti n\u00e1s pote\u0161ili kr\u00e1snymi &nbsp;koledami,\nb\u00e1sni\u010dkami a&nbsp;my sme im spolu s&nbsp;pani riadite\u013ekou a&nbsp;u\u010dite\u013esk\u00fdm zborom\nodovzdali mikul\u00e1\u0161ske bal\u00ed\u010dky. Roz\u017eiaren\u00e9 detsk\u00e9 o\u010di, usmiate tv\u00e1re, vesel\u00e1\nn\u00e1lada&nbsp; nielen u det\u00ed ale aj ich u\u010dite\u013eov\nzahrial ka\u017ed\u00e9ho pri srdie\u010dku. Zrazu bol pre\u010d stres zo sk\u00fa\u0161ania, dikt\u00e1tu, \u010di\npozn\u00e1mky v&nbsp;\u017eiackej kni\u017eke. U\u017eili sme si so \u017eiakmi vesel\u00e9 dopoludnie\na&nbsp;te\u0161\u00edme sa zasa o&nbsp;rok!&nbsp;&nbsp;&nbsp;&nbsp;&nbsp;&nbsp;&nbsp;&nbsp;&nbsp;&nbsp;&nbsp;&nbsp;&nbsp;&nbsp;&nbsp;&nbsp;&nbsp;&nbsp;&nbsp;&nbsp;&nbsp;&nbsp;&nbsp;&nbsp;&nbsp;&nbsp;&nbsp;&nbsp;&nbsp;&nbsp;&nbsp;&nbsp;&nbsp;&nbsp;&nbsp;&nbsp;&nbsp;&nbsp;&nbsp;&nbsp;&nbsp;&nbsp;&nbsp;&nbsp;&nbsp;&nbsp;&nbsp;&nbsp;&nbsp;&nbsp;&nbsp;&nbsp;&nbsp;&nbsp;&nbsp;&nbsp;&nbsp;&nbsp;&nbsp;&nbsp;&nbsp;&nbsp;&nbsp;&nbsp;&nbsp;&nbsp;&nbsp;&nbsp;&nbsp;&nbsp;&nbsp;&nbsp;&nbsp;&nbsp;&nbsp;&nbsp;&nbsp;&nbsp;&nbsp;&nbsp;&nbsp;&nbsp;&nbsp;&nbsp;&nbsp;&nbsp;&nbsp;&nbsp;&nbsp;&nbsp;&nbsp;&nbsp;&nbsp;&nbsp;&nbsp;&nbsp;\n<\/p>\n\n\n\n<p>&nbsp;Vivien K. &nbsp;2.B<\/p>\n","protected":false},"excerpt":{"rendered":"<p>Vesel&uacute; Mikul&aacute;&scaron;sku besiedku za&#382;ili &#382;iaci Z&Scaron; V&nbsp;Rapovciach aj v&#271;aka n&aacute;m. Konala sa presne v&nbsp;de&#328;, ke&#271; mal meniny n&aacute;&scaron; Mikul&aacute;&scaron;, ktor&yacute; u&#382; &nbsp;nazna&#269;uje bl&iacute;&#382;iace sa Vianoce. My<span class=\"excerpt-hellip\"> [\u2026]<\/span><\/p>\n","protected":false},"author":2,"featured_media":9420,"comment_status":"closed","ping_status":"closed","sticky":false,"template":"","format":"standard","meta":{"footnotes":""},"categories":[3],"tags":[],"class_list":["post-9419","post","type-post","status-publish","format-standard","has-post-thumbnail","hentry","category-kultura"],"aioseo_notices":[],"_links":{"self":[{"href":"https:\/\/szslucnalc.sk\/index.php?rest_route=\/wp\/v2\/posts\/9419","targetHints":{"allow":["GET"]}}],"collection":[{"href":"https:\/\/szslucnalc.sk\/index.php?rest_route=\/wp\/v2\/posts"}],"about":[{"href":"https:\/\/szslucnalc.sk\/index.php?rest_route=\/wp\/v2\/types\/post"}],"author":[{"embeddable":true,"href":"https:\/\/szslucnalc.sk\/index.php?rest_route=\/wp\/v2\/users\/2"}],"replies":[{"embeddable":true,"href":"https:\/\/szslucnalc.sk\/index.php?rest_route=%2Fwp%2Fv2%2Fcomments&post=9419"}],"version-history":[{"count":1,"href":"https:\/\/szslucnalc.sk\/index.php?rest_route=\/wp\/v2\/posts\/9419\/revisions"}],"predecessor-version":[{"id":9423,"href":"https:\/\/szslucnalc.sk\/index.php?rest_route=\/wp\/v2\/posts\/9419\/revisions\/9423"}],"wp:featuredmedia":[{"embeddable":true,"href":"https:\/\/szslucnalc.sk\/index.php?rest_route=\/wp\/v2\/media\/9420"}],"wp:attachment":[{"href":"https:\/\/szslucnalc.sk\/index.php?rest_route=%2Fwp%2Fv2%2Fmedia&parent=9419"}],"wp:term":[{"taxonomy":"category","embeddable":true,"href":"https:\/\/szslucnalc.sk\/index.php?rest_route=%2Fwp%2Fv2%2Fcategories&post=9419"},{"taxonomy":"post_tag","embeddable":true,"href":"https:\/\/szslucnalc.sk\/index.php?rest_route=%2Fwp%2Fv2%2Ftags&post=9419"}],"curies":[{"name":"wp","href":"https:\/\/api.w.org\/{rel}","templated":true}]}}