{"id":9440,"date":"2019-12-17T19:11:57","date_gmt":"2019-12-17T18:11:57","guid":{"rendered":"https:\/\/szslucnalc.sk\/?p=9440"},"modified":"2019-12-17T19:11:58","modified_gmt":"2019-12-17T18:11:58","slug":"uspesna-mobilita-erasmus-za-nami-a-druha-pred-nami","status":"publish","type":"post","link":"https:\/\/szslucnalc.sk\/?p=9440","title":{"rendered":"\u00daspe\u0161n\u00e1 mobilita Erasmus+ za nami a druh\u00e1 pred nami"},"content":{"rendered":"\n<p>Po \u00famornej pr\u00edprave a dlhom, dlhom, dlhom \u010dakan\u00ed na v\u00fdsledok schva\u013eovacieho procesu sme op\u00e4\u0165 \u0161\u0165astn\u00ed. Projekt za 46 000 \u20ac dostal zelen\u00fa.<\/p>\n\n\n\n<p>Na\u0161a \u0161kola m\u00e1 dlhoro\u010dn\u00e9 sk\u00fasenosti\u00a0 s\u00a0realiz\u00e1ciou odborn\u00fdch st\u00e1\u017e\u00ed v\u00a0zahrani\u010d\u00ed v\u00a0r\u00e1mci projektu ERASMUS+. Aktu\u00e1lne m\u00e1 za sebou absolvovanie dvojro\u010dn\u00e9ho projektu, v\u010faka \u010domu mohli vycestova\u0165 do \u010ceskej republiky \u017eiaci tretieho ro\u010dn\u00edka denn\u00e9ho \u0161t\u00fadia a\u00a0u\u010dite\u013eky odborn\u00fdch predmetov. Jeho hlavn\u00fdm poslan\u00edm \u00a0bolo\u00a0 poskytn\u00fa\u0165 vybran\u00fdm \u017eiakom mo\u017enos\u0165 absolvova\u0165 odborn\u00fa prax v\u00a0modern\u00fdch zdravotn\u00edckych zariadeniach \u010ceskej republiky. Projekt bol rozdelen\u00fd do dvoch et\u00e1p v\u00a0priebehu 19 mesiacov. Do zahrani\u010dia postupne vycestovalo na prv\u00fa a\u00a0druh\u00fa mobilitu 32 \u017eiakov 3. ro\u010dn\u00edka pod pedagogick\u00fdm dozorom sprev\u00e1dzaj\u00facich os\u00f4b \u2013 u\u010diteliek odborn\u00fdch predmetov, \u010do predstavovalo \u00a0jedine\u010dn\u00fa pr\u00edle\u017eitos\u0165 pre ich profesijn\u00fd rast.<\/p>\n\n\n\n<p>Partnermi\nprojektu sa stali Vy\u0161\u0161ia odborn\u00e1 \u0161kola zdravotn\u00edcka&nbsp; a&nbsp;Stredn\u00e1 zdravotn\u00edcka \u0161kola&nbsp; v&nbsp;Prahe, v&nbsp;Zl\u00edne\na&nbsp;v&nbsp;Hradci Kr\u00e1lov\u00e9. Odborn\u00fa prax \u017eiaci absolvovali vo Fakultn\u00fdch\nnemocniciach \u2013 napr. v&nbsp;Prahe vo FN Motol alebo v&nbsp;krajsk\u00fdch\nnemocniciach v&nbsp;Zl\u00edne. S\u00fa\u010das\u0165ou ka\u017edej st\u00e1\u017ee bolo udelenie certifik\u00e1tu\nprij\u00edmaj\u00facej organiz\u00e1cie, ktor\u00fd potvrdzuje absolvovanie praxe a&nbsp;vydanie\nmobilitn\u00e9ho Europasu. \u00da\u010dastn\u00edci maj\u00fa mo\u017enos\u0165 sa n\u00edm preuk\u00e1za\u0165, ak sa chc\u00fa\nuch\u00e1dza\u0165 o&nbsp;zamestnanie nielen na Slovensku, ale aj v&nbsp;ostatn\u00fdch\n\u010dlensk\u00fdch krajin\u00e1ch Eur\u00f3pskej \u00fanie. Absolvovanie st\u00e1\u017e\u00ed prinieslo ve\u013emi ve\u013ea\npozit\u00edvnych sk\u00fasenost\u00ed na strane \u017eiakov aj odborn\u00fdch u\u010diteliek. Kontakt\ns&nbsp;nov\u00fdmi a&nbsp;modern\u00fdmi pom\u00f4ckami zv\u00fd\u0161ili odborn\u00fa a praktick\u00fa \u00farove\u0148\nna\u0161ich \u017eiakov. Z\u00e1rove\u0148 spozn\u00e1vali trad\u00edcie, spolo\u010densk\u00e9 a&nbsp;kult\u00farne pomery\ncie\u013eovej krajiny a&nbsp;prostredie zahrani\u010dnej partnerskej \u0161koly, nadviazali\nkontakty a&nbsp;priate\u013estv\u00e1. Pr\u00e1ca v&nbsp;najmodernej\u0161\u00edch nemocniciach\neur\u00f3pskeho v\u00fdznamu sa stala pre nich v\u00edziou, ako je mo\u017en\u00e9 poskytova\u0165\no\u0161etrovate\u013esk\u00fa starostlivos\u0165 na najvy\u0161\u0161ej \u00farovn\u00ed a&nbsp;sn\u00e1\u010f aj v\u00edziou ich\nbud\u00facnosti, preto\u017ee mnoh\u00ed boli motivovan\u00ed vykon\u00e1va\u0165 pr\u00e1cu pr\u00edpadne \u010fal\u0161ie\n\u0161t\u00fadium v&nbsp;\u010ceskej republike. <\/p>\n\n\n\n<p>Na\ntieto aktivity m\u00f4\u017ee \u0161kola nadviaza\u0165 aj v&nbsp;\u010fal\u0161\u00edch mesiacoch. Tento mesiac\nbol \u0161kole pridelen\u00fd \u010fal\u0161\u00ed grant z&nbsp;Erasmus+ a&nbsp;\u017eiaci 3. ro\u010dn\u00edkov spolu\ns&nbsp;odborn\u00fdmi u\u010dite\u013ekami u\u017e bud\u00faci rok v&nbsp;j\u00fani odcestuj\u00fa do Prahy (10\n\u017eiakov a&nbsp;2 odborn\u00e9 u\u010dite\u013eky) a&nbsp;do Brna (6 \u017eiakov a&nbsp;1 odborn\u00e1\nu\u010dite\u013eka). V&nbsp;\u010fal\u0161om \u0161kolskom roku (2020\/2021) v&nbsp;mesiaci j\u00fan absolvuje\nodborn\u00fa prax 6 \u017eiakov s&nbsp;jednou odbornou u\u010dite\u013ekou v&nbsp;Hradci Kr\u00e1lov\u00e9.\nPreh\u013abi sa spolupr\u00e1ca s Vy\u0161\u0161ou odbornou \u0161kolou zdravotn\u00edckou&nbsp; a&nbsp;Strednou zdravotn\u00edckou \u0161kolou&nbsp; v&nbsp;Prahe a&nbsp;v&nbsp;Hradci Kr\u00e1lov\u00e9.\nPremi\u00e9ru bude ma\u0165 Stredn\u00e1 zdravotn\u00edcka \u0161kola v&nbsp;Brne spolu s&nbsp;Fakultnou\nnemocnicou v&nbsp;Brne. Projekt taktie\u017e spo\u010d\u00edva vo zv\u00fd\u0161en\u00ed odbornosti\na&nbsp;profesijn\u00e9ho rastu u\u010dite\u013eov na\u0161ej \u0161koly, \u010do predstavuje mo\u017enos\u0165\nvycestova\u0165 2 pedagogick\u00fdm zamestnancom po\u010das jedn\u00e9ho t\u00fd\u017ed\u0148a na \u201ejob schadowing\u201c\nna SZ\u0160 do Hradca Kr\u00e1lov\u00e9 a&nbsp;dvaja PZ str\u00e1via cel\u00fd t\u00fd\u017ede\u0148 pozorovan\u00edm na SZ\u0160\na&nbsp;VO\u0160 v&nbsp;\u010cesk\u00fdch Bud\u011bjoviciach, \u010do predstavuje taktie\u017e nov\u00e9ho\nmobilitn\u00e9ho partnera. Tieto aktivity s\u00fa napl\u00e1novan\u00e9 v&nbsp;\u0161kolskom roku\n2020\/2021. Cel\u00fd priebeh nov\u00e9ho projektu sa bude pravidelne monitorova\u0165 aj na\nstr\u00e1nke \u0161koly, \u010di soci\u00e1lnych sie\u0165ach a&nbsp;in\u00fdch in\u0161tit\u00faci\u00e1ch. Zahrani\u010die vol\u00e1\nJ <\/p>\n\n\n\n<p>PS: Krit\u00e9ri\u00e1 na absolvovanie zahrani\u010dnej st\u00e1\u017ee pre\n\u017eiakov 2. a&nbsp;3. ro\u010dn\u00edkov \u2013 zverejnen\u00e9 na EDU Page <\/p>\n\n\n\n<p>M. Sekulov\u00e1<\/p>\n","protected":false},"excerpt":{"rendered":"<p>Po &uacute;mornej pr&iacute;prave a dlhom, dlhom, dlhom &#269;akan&iacute; na v&yacute;sledok schva&#318;ovacieho procesu sme op&auml;&#357; &scaron;&#357;astn&iacute;. Projekt za 46 000 &euro; dostal zelen&uacute;. Na&scaron;a &scaron;kola m&aacute; dlhoro&#269;n&eacute;<span class=\"excerpt-hellip\"> [\u2026]<\/span><\/p>\n","protected":false},"author":2,"featured_media":9441,"comment_status":"closed","ping_status":"closed","sticky":false,"template":"","format":"standard","meta":{"footnotes":""},"categories":[7,5],"tags":[],"class_list":["post-9440","post","type-post","status-publish","format-standard","has-post-thumbnail","hentry","category-profesia","category-zahranicne"],"aioseo_notices":[],"_links":{"self":[{"href":"https:\/\/szslucnalc.sk\/index.php?rest_route=\/wp\/v2\/posts\/9440","targetHints":{"allow":["GET"]}}],"collection":[{"href":"https:\/\/szslucnalc.sk\/index.php?rest_route=\/wp\/v2\/posts"}],"about":[{"href":"https:\/\/szslucnalc.sk\/index.php?rest_route=\/wp\/v2\/types\/post"}],"author":[{"embeddable":true,"href":"https:\/\/szslucnalc.sk\/index.php?rest_route=\/wp\/v2\/users\/2"}],"replies":[{"embeddable":true,"href":"https:\/\/szslucnalc.sk\/index.php?rest_route=%2Fwp%2Fv2%2Fcomments&post=9440"}],"version-history":[{"count":1,"href":"https:\/\/szslucnalc.sk\/index.php?rest_route=\/wp\/v2\/posts\/9440\/revisions"}],"predecessor-version":[{"id":9442,"href":"https:\/\/szslucnalc.sk\/index.php?rest_route=\/wp\/v2\/posts\/9440\/revisions\/9442"}],"wp:featuredmedia":[{"embeddable":true,"href":"https:\/\/szslucnalc.sk\/index.php?rest_route=\/wp\/v2\/media\/9441"}],"wp:attachment":[{"href":"https:\/\/szslucnalc.sk\/index.php?rest_route=%2Fwp%2Fv2%2Fmedia&parent=9440"}],"wp:term":[{"taxonomy":"category","embeddable":true,"href":"https:\/\/szslucnalc.sk\/index.php?rest_route=%2Fwp%2Fv2%2Fcategories&post=9440"},{"taxonomy":"post_tag","embeddable":true,"href":"https:\/\/szslucnalc.sk\/index.php?rest_route=%2Fwp%2Fv2%2Ftags&post=9440"}],"curies":[{"name":"wp","href":"https:\/\/api.w.org\/{rel}","templated":true}]}}