{"id":9544,"date":"2019-12-20T16:12:53","date_gmt":"2019-12-20T15:12:53","guid":{"rendered":"https:\/\/szslucnalc.sk\/?p=9544"},"modified":"2019-12-20T16:15:15","modified_gmt":"2019-12-20T15:15:15","slug":"kolednici-v-rimavsko-sobotskej-nemocnici","status":"publish","type":"post","link":"https:\/\/szslucnalc.sk\/?p=9544","title":{"rendered":"Koledn\u00edci v rimavsko \u2013 sobotskej nemocnici"},"content":{"rendered":"\n<p>D\u0148a 19.12.2019 sme sa vybrali my, \u017eiaci Strednej\nzdravotn\u00edckej \u0161koly v zlo\u017een\u00ed: D\u00e1vid Stehl\u00edk, Annam\u00e1ria Moln\u00e1rov\u00e1, Simona\nGoceliakov\u00e1, Monika Spodniakov\u00e1 a&nbsp;Daniela Vrancov\u00e1, &nbsp;pote\u0161i\u0165 pacientov&nbsp; do rimavsko sobotskej nemocnice a pripomen\u00fa\u0165\n\u013eu\u010fom na\u0161e bl\u00ed\u017eiace sa Vianoce. Prvou zast\u00e1vkou n\u00e1\u0161ho putovania bolo\nonkologick\u00e9 oddelenie, kde sme za na\u0161e srde\u010dn\u00e9 koledovanie dostali kr\u00e1sne\n\u00fasmevy a plno l\u00e1skypln\u00fdch slzi\u010diek. Nesk\u00f4r sme koledovali na internom,\ngynekologicko &#8211; p\u00f4rodn\u00edckom oddelen\u00ed, &nbsp;a\nsamozrejme sme nav\u0161t\u00edvime chor\u00e9 &nbsp;mal\u00e9\ndeti\u010dky na detskom oddelen\u00ed. Od det\u00ed sme si odn\u00e1\u0161ali kr\u00e1sny smiech\na&nbsp;rados\u0165. Prekvapili n\u00e1s &nbsp;aj\npren\u00e1dhern\u00fdmi viano\u010dn\u00fdmi&nbsp; pies\u0148ami. Te\u0161\u00edme\nsa, \u017ee sme mali mo\u017enos\u0165 pote\u0161i\u0165 v&nbsp;tomto predviano\u010dnom \u010dase t\u00fdch, ktor\u00ed to\nnaozaj ve\u013emi potrebuj\u00fa, na\u0161ich pacientov.<\/p>\n\n\n\n<p>&nbsp;&nbsp;&nbsp;&nbsp;&nbsp;&nbsp;&nbsp;&nbsp;&nbsp;&nbsp;&nbsp;&nbsp;&nbsp;&nbsp;&nbsp;&nbsp;&nbsp;&nbsp;&nbsp;&nbsp;&nbsp;&nbsp;&nbsp;&nbsp;&nbsp;&nbsp;&nbsp;&nbsp;&nbsp;&nbsp;&nbsp;&nbsp;&nbsp;&nbsp;&nbsp;&nbsp;&nbsp;&nbsp;&nbsp;&nbsp;&nbsp;&nbsp;&nbsp;&nbsp;&nbsp;&nbsp;&nbsp;&nbsp;&nbsp;&nbsp;&nbsp;&nbsp;&nbsp;&nbsp;&nbsp;&nbsp;&nbsp;&nbsp;&nbsp;&nbsp;&nbsp;&nbsp;&nbsp;&nbsp;&nbsp;&nbsp;&nbsp;&nbsp;&nbsp;&nbsp;&nbsp;&nbsp;&nbsp;&nbsp;&nbsp;&nbsp;&nbsp;&nbsp;&nbsp;&nbsp;&nbsp;&nbsp;&nbsp;&nbsp;&nbsp;&nbsp;&nbsp;&nbsp;&nbsp;&nbsp;&nbsp;&nbsp;&nbsp;&nbsp;&nbsp;&nbsp;&nbsp;\nAni\u010dka 3. B<\/p>\n","protected":false},"excerpt":{"rendered":"<p>D&#328;a 19.12.2019 sme sa vybrali my, &#382;iaci Strednej zdravotn&iacute;ckej &scaron;koly v zlo&#382;en&iacute;: D&aacute;vid Stehl&iacute;k, Annam&aacute;ria Moln&aacute;rov&aacute;, Simona Goceliakov&aacute;, Monika Spodniakov&aacute; a&nbsp;Daniela Vrancov&aacute;, &nbsp;pote&scaron;i&#357; pacientov&nbsp; do rimavsko<span class=\"excerpt-hellip\"> [\u2026]<\/span><\/p>\n","protected":false},"author":2,"featured_media":9545,"comment_status":"closed","ping_status":"closed","sticky":false,"template":"","format":"standard","meta":{"footnotes":""},"categories":[3],"tags":[],"class_list":["post-9544","post","type-post","status-publish","format-standard","has-post-thumbnail","hentry","category-kultura"],"aioseo_notices":[],"_links":{"self":[{"href":"https:\/\/szslucnalc.sk\/index.php?rest_route=\/wp\/v2\/posts\/9544","targetHints":{"allow":["GET"]}}],"collection":[{"href":"https:\/\/szslucnalc.sk\/index.php?rest_route=\/wp\/v2\/posts"}],"about":[{"href":"https:\/\/szslucnalc.sk\/index.php?rest_route=\/wp\/v2\/types\/post"}],"author":[{"embeddable":true,"href":"https:\/\/szslucnalc.sk\/index.php?rest_route=\/wp\/v2\/users\/2"}],"replies":[{"embeddable":true,"href":"https:\/\/szslucnalc.sk\/index.php?rest_route=%2Fwp%2Fv2%2Fcomments&post=9544"}],"version-history":[{"count":1,"href":"https:\/\/szslucnalc.sk\/index.php?rest_route=\/wp\/v2\/posts\/9544\/revisions"}],"predecessor-version":[{"id":9546,"href":"https:\/\/szslucnalc.sk\/index.php?rest_route=\/wp\/v2\/posts\/9544\/revisions\/9546"}],"wp:featuredmedia":[{"embeddable":true,"href":"https:\/\/szslucnalc.sk\/index.php?rest_route=\/wp\/v2\/media\/9545"}],"wp:attachment":[{"href":"https:\/\/szslucnalc.sk\/index.php?rest_route=%2Fwp%2Fv2%2Fmedia&parent=9544"}],"wp:term":[{"taxonomy":"category","embeddable":true,"href":"https:\/\/szslucnalc.sk\/index.php?rest_route=%2Fwp%2Fv2%2Fcategories&post=9544"},{"taxonomy":"post_tag","embeddable":true,"href":"https:\/\/szslucnalc.sk\/index.php?rest_route=%2Fwp%2Fv2%2Ftags&post=9544"}],"curies":[{"name":"wp","href":"https:\/\/api.w.org\/{rel}","templated":true}]}}